{"id":10002,"date":"2017-02-09T00:00:00","date_gmt":"2017-02-08T23:00:00","guid":{"rendered":"https:\/\/lowpressurefitness.com\/hipopresivos-latinoamerica\/"},"modified":"2019-11-28T10:13:10","modified_gmt":"2019-11-28T09:13:10","slug":"hipopresivos-latinoamerica","status":"publish","type":"post","link":"https:\/\/lowpressurefitness.com\/es\/hipopresivos-latinoamerica\/","title":{"rendered":"La revoluci\u00f3n de los hipopresivos aterriza en latinoamerica"},"content":{"rendered":"<p><span style=\"font-weight: 400\">La rEvoluci\u00f3n de los hipopresivos, conocida como Low Pressure Fitness es cada vez \u00a0m\u00e1s demandada fuera de nuestras fronteras. L\u00edderes en t\u00e9cnicas hipopresivas, este a\u00f1o volvemos a LatinoAm\u00e9rica y, por primera vez impartiremos formaci\u00f3n para profesionales del ejercicio y de la Salud en <\/span><b>Ecuador<\/b>. Tambi\u00e9n estaremos en\u00a0<b>Guatemala, M\u00e9xico<\/b> <b>y Chile<\/b>, pa\u00edses que ya conocen \u00a0la t\u00e9cnica.<\/p>\n<p><strong>\u00a0<\/strong><\/p>\n<p><b>Ecuador <\/b><\/p>\n<p><span style=\"font-weight: 400\"><a href=\"https:\/\/lowpressurefitness.com\/es\/lpfjournal\/team-member\/piti-pinsach-2\/\" target=\"_blank\" rel=\"noopener noreferrer\"><span style=\"color: #0000ff\">Piti Pinsach<\/span>, <\/a>fundador y CEO de Low Pressure Fitness<\/span><span style=\"font-weight: 400\">\u00a0estar\u00e1 en Marzo impartiendo formaci\u00f3n de nivel 1 y 2 en Quito los d\u00edas 17,18 y 19. Adem\u00e1s, acercar\u00e1 la t\u00e9cnica hipopresiva a las personas interesadas en tres diferentes workshops organizados en las ciudades de Ambato, Guayaquil y Quito. Dichos workshops est\u00e1n dirigidos a todos los p\u00fablicos. Una oportunidad \u00fanica de conocer de primera mano el m\u00e9todo de baja presi\u00f3n. Toda la informaci\u00f3n en la p\u00e1gina de facebook\u00a0<\/span><span style=\"font-weight: 400\"><span style=\"color: #0000ff\"><a style=\"color: #0000ff\" href=\"https:\/\/www.facebook.com\/Low-Pressure-Fitness-Ecuador-396822423992348\/\" target=\"_blank\" rel=\"noopener noreferrer\">Low Pressure Fitness Ecuador<\/a><\/span>\u00a0o pod\u00e9is contactar<\/span><span style=\"font-weight: 400\">\u00a0en <\/span><a href=\"mailto:cit.capacitaciones@hotmail\"><span style=\"font-weight: 400\">cit.capacitaciones@hotmail<\/span><\/a><span style=\"font-weight: 400\">. <\/span><\/p>\n<p><strong>\u00a0<\/strong><\/p>\n<p><b>M\u00e9xico <\/b><\/p>\n<p><span style=\"font-weight: 400\">Low Pressure Fitness ya est\u00e1 presente en M\u00e9xico desde hace dos a\u00f1os, pero esta vez estar\u00e1 Piti Pinsach impartiendo <\/span><b>Nivel 1 y 2 <\/b><span style=\"font-weight: 400\">\u00a0en Quer\u00e9taro Y Ciudad de M\u00e9xico:<\/span><\/p>\n<p><strong>\u00a0<\/strong><\/p>\n<ul>\n<li style=\"font-weight: 400\"><span style=\"font-weight: 400\">23-26 de febrero de 2017<\/span><\/li>\n<\/ul>\n<ul>\n<li style=\"font-weight: 400\"><span style=\"font-weight: 400\">7 a 9 de Abril de 2017<\/span><\/li>\n<\/ul>\n<p><span style=\"font-weight: 400\">En colaboraci\u00f3n con la organizaci\u00f3n <\/span><span style=\"color: #0000ff\"><a style=\"color: #0000ff\" href=\"http:\/\/www.educacont.com.mx\/\" target=\"_blank\" rel=\"noopener noreferrer\"><span style=\"font-weight: 400\">Educacont<\/span><\/a><\/span><span style=\"font-weight: 400\"> y Bwizer ahora nuestros profesionales podr\u00e1n aprovechar y aprender Low Pressure Fitness m\u00e1s cerca que nunca. Informaci\u00f3n de contacto en info@educacont.mx o a trav\u00e9s de la p\u00e1gina de facebook\u00a0<span style=\"color: #0000ff\"><a style=\"color: #0000ff\" href=\"https:\/\/www.facebook.com\/LPFMexico\/\" target=\"_blank\" rel=\"noopener noreferrer\">LPFM\u00e9xico<\/a><\/span><\/span><\/p>\n<p><strong>\u00a0<\/strong><\/p>\n<p><b>Guatemala <\/b><\/p>\n<p><span style=\"font-weight: 400\">En colaboraci\u00f3n con <\/span><span style=\"font-weight: 400\"><span style=\"color: #0000ff\"><a style=\"color: #0000ff\" href=\"http:\/\/www.innomedgt.com\/\" target=\"_blank\" rel=\"noopener noreferrer\">innovaciones m\u00e9dicas<\/a><\/span>, la formaci\u00f3n se impartir\u00e1<\/span><span style=\"font-weight: 400\">\u00a0del 31 al 2 de Abril. Las personas interesadas podr\u00e1n formarse en los noveles 1 y 2 Low Pressure Fitness. No es la primera vez que llevamos la t\u00e9cnica hasta Guatemala, nuestro CEO ya ha estado all\u00ed en otras ocasiones para formar a los profesionales del fitness.<\/span><\/p>\n<p><strong>\u00a0<\/strong><\/p>\n<p><b>Chile<\/b><\/p>\n<p><span style=\"font-weight: 400\">Por segundo a\u00f1o consecutivo Piti Pinsach vuelve a Chile para dictar junto con el director de <\/span><span style=\"color: #0000ff\"><a style=\"color: #0000ff\" href=\"https:\/\/www.facebook.com\/LPFChile\/?fref=ts\" target=\"_blank\" rel=\"noopener noreferrer\"><span style=\"font-weight: 400\">Low Pressure Fitness Chile<\/span><\/a><\/span><span style=\"font-weight: 400\"> y coach, Albert Vila. Estar\u00e1n impartiendo nivel 2 los d\u00edas 11 y 12 de Marzo. M\u00e1s informaci\u00f3n en: <\/span><a href=\"mailto:a.vila8691av@gmail.com\"><span style=\"font-weight: 400\">a.vila8691av@gmail.com<\/span><\/a><\/p>\n<p><strong><br \/>\n<span style=\"font-weight: 400\">Oportunidades \u00fanicas de mantenerse a la vanguardia de la t\u00e9cnica \u00a0de baja presi\u00f3n que ha rEvolucionado el fitness y la terapia en Espa\u00f1a. <\/span><br \/>\n<\/strong><\/p>\n<p>&nbsp;<\/p>\n<figure id=\"attachment_344718\" aria-describedby=\"caption-attachment-344718\" style=\"width: 728px\" class=\"wp-caption aligncenter\"><a href=\"https:\/\/lowpressurefitness.com\/wp-content\/uploads\/2019\/07\/gira-latinoamericana-1.jpg\" target=\"_blank\" rel=\"noopener noreferrer\"><img loading=\"lazy\" decoding=\"async\" class=\"gira-latinoamericana-lowpressurefitness wp-image-344718 size-large\" title=\"gira-latinoamericana-lowpressurefitness\" src=\"https:\/\/lowpressurefitness.com\/wp-content\/uploads\/2019\/07\/gira-latinoamericana-1.jpg\" width=\"728\" height=\"1030\" \/><\/a><figcaption id=\"caption-attachment-344718\" class=\"wp-caption-text\">gira-latinoamericana-lowpressurefitness<\/figcaption><\/figure>\n","protected":false},"excerpt":{"rendered":"<p>La rEvoluci\u00f3n de los hipopresivos, conocida como Low Pressure Fitness es cada vez \u00a0m\u00e1s demandada fuera de nuestras fronteras. L\u00edderes en t\u00e9cnicas hipopresivas, este a\u00f1o volvemos a LatinoAm\u00e9rica y, por primera vez impartiremos formaci\u00f3n para profesionales del ejercicio y de la Salud en Ecuador. Tambi\u00e9n estaremos en\u00a0Guatemala, M\u00e9xico y Chile, pa\u00edses que ya conocen \u00a0la &hellip; <a href=\"https:\/\/lowpressurefitness.com\/es\/hipopresivos-latinoamerica\/\">Continued<\/a><\/p>\n","protected":false},"author":3249,"featured_media":8708,"comment_status":"open","ping_status":"closed","sticky":false,"template":"","format":"standard","meta":{"footnotes":""},"categories":["1","16","249","271","299","585","586","587"],"tags":[250,273,283,310,276,278,279,253,301,266,342,335,282,256],"_links":{"self":[{"href":"https:\/\/lowpressurefitness.com\/es\/wp-json\/wp\/v2\/posts\/10002\/"}],"collection":[{"href":"https:\/\/lowpressurefitness.com\/es\/wp-json\/wp\/v2\/posts\/"}],"about":[{"href":"https:\/\/lowpressurefitness.com\/es\/wp-json\/wp\/v2\/types\/post\/"}],"author":[{"embeddable":true,"href":"https:\/\/lowpressurefitness.com\/es\/wp-json\/wp\/v2\/users\/3249\/"}],"replies":[{"embeddable":true,"href":"https:\/\/lowpressurefitness.com\/es\/wp-json\/wp\/v2\/comments\/?post=10002"}],"version-history":[{"count":0,"href":"https:\/\/lowpressurefitness.com\/es\/wp-json\/wp\/v2\/posts\/10002\/revisions\/"}],"wp:featuredmedia":[{"embeddable":true,"href":"https:\/\/lowpressurefitness.com\/es\/wp-json\/wp\/v2\/media\/8708\/"}],"wp:attachment":[{"href":"https:\/\/lowpressurefitness.com\/es\/wp-json\/wp\/v2\/media\/?parent=10002"}],"wp:term":[{"taxonomy":"category","embeddable":true,"href":"https:\/\/lowpressurefitness.com\/es\/wp-json\/wp\/v2\/categories\/?post=10002"},{"taxonomy":"post_tag","embeddable":true,"href":"https:\/\/lowpressurefitness.com\/es\/wp-json\/wp\/v2\/tags\/?post=10002"}],"curies":[{"name":"wp","href":"https:\/\/api.w.org\/{rel}","templated":true}]}}