{"id":10156,"date":"2018-10-08T00:00:00","date_gmt":"2018-10-07T22:00:00","guid":{"rendered":"https:\/\/lowpressurefitness.com\/conferencia-low-pressure-fitness-udc\/"},"modified":"2019-11-28T10:10:03","modified_gmt":"2019-11-28T09:10:03","slug":"conferencia-low-pressure-fitness-udc","status":"publish","type":"post","link":"https:\/\/lowpressurefitness.com\/es\/conferencia-low-pressure-fitness-udc\/","title":{"rendered":"Conferencia Low Pressure Fitness en la universidad de A Coru\u00f1a"},"content":{"rendered":"<p>El pasado 3 de octubre <span style=\"color: #0000ff\"><a style=\"color: #0000ff\" href=\"https:\/\/lowpressurefitness.com\/esinfo\/piti-pinsach\" target=\"_blank\" rel=\"noopener noreferrer\">Piti Pinsach<\/a>,<\/span> co-creador de <span style=\"color: #0000ff\"><a style=\"color: #0000ff\" href=\"https:\/\/lowpressurefitness.com\/es\" target=\"_blank\" rel=\"noopener noreferrer\">Low Pressure Fitness<\/a><\/span>, fue invitado a impartir una conferencia en la Facultad de Educaci\u00f3n F\u00edsica de la Universidad de A Coru\u00f1a sobre Low Pressure Fitness.<\/p>\n<p>&nbsp;<\/p>\n<p>Hace unos meses tuvimos el placer de dar dos conferencias en las facultades de Ciencias de la Educaci\u00f3n y del Deporte de la\u00a0 Universidad de Vigo y de A Coru\u00f1a. El \u00e9xito de las mismas ha hecho que volvieran a invitar a Pinsach a impartir una nueva clase magistral en A Coru\u00f1a. El sal\u00f3n de actos se complet\u00f3 de futuros educadores f\u00edsicos y licenciados en Ciencias de la Actividad F\u00edsica y del Deporte interesados en aprender sobre el entrenamiento LPF y sus aplicaciones al deporte, educaci\u00f3n y salud.<\/p>\n<p>&nbsp;<\/p>\n<p>Queremos agradecer la especial colaboraci\u00f3n de los docentes de la facultad y hacemos menci\u00f3n especial al profesor Celso Carlos Carrera L\u00f3pez por la numerosa asistencia y la excelente presentaci\u00f3n de Low Pressure Fitness y del trabajo llevado a cabo por de Piti Pinsach.<\/p>\n<p>&nbsp;<\/p>\n<p><img loading=\"lazy\" decoding=\"async\" class=\"aligncenter size-large wp-image-365358\" src=\"https:\/\/lowpressurefitness.com\/wp-content\/uploads\/2019\/07\/WhatsApp-Image-2018-10-04-at-15.58.36.jpeg\" alt=\"LPF-UDC\" width=\"1030\" height=\"476\" \/><\/p>\n<p>&nbsp;<\/p>\n<p>Muchos de los estudiantes y docentes ya hab\u00edan le\u00eddo sobre LPF o hab\u00edan le\u00eddo art\u00edculos del Journal LPF enlace blog. Su inquietud por conocer m\u00e1s les llev\u00f3 a participar activamente y poder vivenciar las aplicaciones de Low Pressure Fitness al \u00e1mbito de las Ciencias de la Actividad F\u00edsica y del Deporte.<\/p>\n<p>&nbsp;<\/p>\n<p>La conferencia y clase pr\u00e1ctica se realiz\u00f3 en una hora. Fue todo un reto condensar la teor\u00eda y pr\u00e1ctica pero Piti Pinsach realiz\u00f3 una ilustrativa y muy divertida presentaci\u00f3n. Seguro que todos los asistentes recordar\u00e1n las sensaciones vividas como la sensaci\u00f3n de cierre autom\u00e1tico de la glotis o \u00a0la sorpresa de sentir como la faja abdominal se ci\u00f1e sola al mantener las pautas posturales y respiratorias de LPF como la <span style=\"color: #0000ff\"><a style=\"color: #0000ff\" href=\"https:\/\/lowpressurefitness.com\/es\/lpfjournal\/cintura-escapular-abdominal\/\" target=\"_blank\" rel=\"noopener noreferrer\">activaci\u00f3n de la musculatura de a cintura esc\u00e1pulo-humera<\/a>l<\/span>.<\/p>\n<p>&nbsp;<\/p>\n<p>Al acabar la conferencia y tras la foto de grupo numerosos estudiantes se acercaron a Piti Pinsach con m\u00faltiples inquietudes e inter\u00e9s por realizar sus trabajos de fin de grado en LPF. Desde Low Pressure Fitness colaboramos activamente con diferentes universidades y estudiantes interesados en realizar sus trabajos de investigaci\u00f3n con Low Pressure Fitness.<\/p>\n<p>&nbsp;<\/p>\n<p>Fue una jornada muy agradable, de aprendizaje y de agradecimiento a los organizadores que hicieron posible esta conferencia.<\/p>\n<p>&nbsp;<\/p>\n<p><img loading=\"lazy\" decoding=\"async\" class=\"aligncenter size-large wp-image-365337\" src=\"https:\/\/lowpressurefitness.com\/wp-content\/uploads\/2019\/07\/WhatsApp-Image-2018-10-04-at-15.58.35-2.jpeg\" alt=\"LPF-UDC\" width=\"1030\" height=\"542\" \/><\/p>\n","protected":false},"excerpt":{"rendered":"<p>El pasado 3 de octubre Piti Pinsach, co-creador de Low Pressure Fitness, fue invitado a impartir una conferencia en la Facultad de Educaci\u00f3n F\u00edsica de la Universidad de A Coru\u00f1a sobre Low Pressure Fitness. &nbsp; Hace unos meses tuvimos el placer de dar dos conferencias en las facultades de Ciencias de la Educaci\u00f3n y del &hellip; <a href=\"https:\/\/lowpressurefitness.com\/es\/conferencia-low-pressure-fitness-udc\/\">Continued<\/a><\/p>\n","protected":false},"author":3249,"featured_media":9778,"comment_status":"open","ping_status":"closed","sticky":false,"template":"","format":"standard","meta":{"footnotes":""},"categories":["1","16","249","271","299","585","586","587"],"tags":[525,283,310,262,276,277,278,279,253,292,264,526,266,527,306,282,256,528],"_links":{"self":[{"href":"https:\/\/lowpressurefitness.com\/es\/wp-json\/wp\/v2\/posts\/10156\/"}],"collection":[{"href":"https:\/\/lowpressurefitness.com\/es\/wp-json\/wp\/v2\/posts\/"}],"about":[{"href":"https:\/\/lowpressurefitness.com\/es\/wp-json\/wp\/v2\/types\/post\/"}],"author":[{"embeddable":true,"href":"https:\/\/lowpressurefitness.com\/es\/wp-json\/wp\/v2\/users\/3249\/"}],"replies":[{"embeddable":true,"href":"https:\/\/lowpressurefitness.com\/es\/wp-json\/wp\/v2\/comments\/?post=10156"}],"version-history":[{"count":0,"href":"https:\/\/lowpressurefitness.com\/es\/wp-json\/wp\/v2\/posts\/10156\/revisions\/"}],"wp:featuredmedia":[{"embeddable":true,"href":"https:\/\/lowpressurefitness.com\/es\/wp-json\/wp\/v2\/media\/9778\/"}],"wp:attachment":[{"href":"https:\/\/lowpressurefitness.com\/es\/wp-json\/wp\/v2\/media\/?parent=10156"}],"wp:term":[{"taxonomy":"category","embeddable":true,"href":"https:\/\/lowpressurefitness.com\/es\/wp-json\/wp\/v2\/categories\/?post=10156"},{"taxonomy":"post_tag","embeddable":true,"href":"https:\/\/lowpressurefitness.com\/es\/wp-json\/wp\/v2\/tags\/?post=10156"}],"curies":[{"name":"wp","href":"https:\/\/api.w.org\/{rel}","templated":true}]}}